{"id":2586,"date":"2026-03-07T09:15:48","date_gmt":"2026-03-07T08:15:48","guid":{"rendered":"https:\/\/snaprace.app\/blog\/?p=2586"},"modified":"2026-03-14T10:04:11","modified_gmt":"2026-03-14T09:04:11","slug":"carrera-de-la-mujer-2026-calendario-recorridos-y-consejos-para-unirte-a-la-marea-rosa","status":"publish","type":"post","link":"https:\/\/snaprace.app\/blog\/carrera-de-la-mujer-2026-calendario-recorridos-y-consejos-para-unirte-a-la-marea-rosa\/","title":{"rendered":"Carrera de la Mujer 2026: calendario, recorridos y consejos para unirte a la marea rosa"},"content":{"rendered":"\n<p>La <strong>Carrera de la Mujer 2026<\/strong> regresa con m\u00e1s fuerza que nunca. Este circuito pionero es mucho m\u00e1s que una serie de carreras: desde su primera edici\u00f3n en 2004 ha movilizado a millones de mujeres por toda Espa\u00f1a y ha recaudado fondos para la investigaci\u00f3n del c\u00e1ncer de mama y otras causas solidarias. La \u201cmarea rosa\u201d volver\u00e1 a te\u00f1ir nuestras calles de rosa en nueve ciudades durante 2026. En este art\u00edculo encontrar\u00e1s el calendario completo, detalles de los recorridos y consejos para prepararte y disfrutar al m\u00e1ximo de esta fiesta del running femenino.<\/p>\n\n\n\n<h2 class=\"wp-block-heading\">Historia y prop\u00f3sito de la Carrera de la Mujer<\/h2>\n\n\n\n<p>La Carrera de la Mujer naci\u00f3 hace m\u00e1s de dos d\u00e9cadas con un doble objetivo: fomentar la participaci\u00f3n de las mujeres en el running y recaudar fondos para proyectos de lucha contra el c\u00e1ncer de mama. Con el paso de los a\u00f1os, la prueba se ha convertido en la mayor cita deportiva femenina de Europa. Adem\u00e1s de promover un estilo de vida activo y saludable, la organizaci\u00f3n destina parte de la recaudaci\u00f3n a la <a href=\"https:\/\/www.aecc.es\/\" target=\"_blank\" rel=\"noopener noreferrer\">Asociaci\u00f3n Espa\u00f1ola Contra el C\u00e1ncer<\/a> y otras entidades ben\u00e9ficas. La <em>marea rosa<\/em> se ha transformado en un poderoso s\u00edmbolo de solidaridad, empoderamiento y visibilidad para corredoras de todas las edades.<\/p>\n\n\n\n<h2 class=\"wp-block-heading\">Calendario de la Carrera de la Mujer 2026<\/h2>\n\n\n\n<p>El circuito de 2026 ofrece nueve pruebas en distintos puntos del pa\u00eds. Toma nota de las fechas para organizar tus entrenamientos y viajes. Las inscripciones se realizan a trav\u00e9s de la <a href=\"https:\/\/carreradelamujer.com\/\" target=\"_blank\" rel=\"noopener noreferrer\">web oficial de la Carrera de la Mujer<\/a> y suelen agotarse r\u00e1pido, as\u00ed que conviene reservar tu dorsal con antelaci\u00f3n.<\/p>\n\n\n\n<ul class=\"wp-block-list\">\n<li><strong>Gran Canaria<\/strong> \u2013 15 de marzo de 2026<\/li>\n<li><strong>Madrid<\/strong> \u2013 10 de mayo de 2026<\/li>\n<li><strong>Vitoria-Gasteiz<\/strong> \u2013 31 de mayo de 2026<\/li>\n<li><strong>Valencia<\/strong> \u2013 7 de junio de 2026<\/li>\n<li><strong>Gij\u00f3n<\/strong> \u2013 21 de junio de 2026<\/li>\n<li><strong>A Coru\u00f1a<\/strong> \u2013 27 de septiembre de 2026<\/li>\n<li><strong>Zaragoza<\/strong> \u2013 8 de noviembre de 2026<\/li>\n<li><strong>Sevilla<\/strong> \u2013 15 de noviembre de 2026<\/li>\n<li><strong>Barcelona<\/strong> \u2013 22 de noviembre de 2026<\/li>\n<\/ul>\n\n\n\n<p>Cada ciudad ofrece distancias asequibles (entre 5 y 7 kil\u00f3metros) para que tanto corredoras experimentadas como principiantes puedan participar. Adem\u00e1s, existen dorsales solidarios que permiten colaborar con causas ben\u00e9ficas incluso si no puedes asistir a la carrera.<\/p>\n\n\n\n<h2 class=\"wp-block-heading\">Gran Canaria 2026: recorrido y ambiente<\/h2>\n\n\n\n<p>La cita inaugural en Las Palmas de Gran Canaria se disputar\u00e1 sobre un recorrido de 5 km que combina mar y ciudad. La salida se situar\u00e1 en la plaza de Canarias y el trazado recorrer\u00e1 calles c\u00e9ntricas antes de desembocar en el Auditorio Alfredo Kraus. El \u00faltimo kil\u00f3metro transcurre por el paseo de Las Canteras, ofreciendo vistas espectaculares del oc\u00e9ano.<\/p>\n\n\n\n<p>La prueba contar\u00e1 con animaciones musicales y un festival deportivo posterior con clases de fitness y <em>ballet fit<\/em>. La inscripci\u00f3n incluye camiseta oficial, bolsa de corredora y dorsal. Existen opciones para competir individualmente o en equipos de dos o tres personas. Una parte del precio se destina a la Asociaci\u00f3n Canaria contra el C\u00e1ncer.<\/p>\n\n\n\n<p>Si te estrenas en las carreras populares, este circuito de 5 km es ideal. Empieza a entrenar con un plan de varias semanas que combine rodajes suaves y sesiones de fuerza. No olvides incluir alg\u00fan entrenamiento en playa o superficie similar para adaptarte al terreno. Puedes usar apps como SnapRace para registrar tus sesiones y planificar progresiones.<\/p>\n\n\n\n<h2 class=\"wp-block-heading\">Madrid 2026: la carrera que bate r\u00e9cords<\/h2>\n\n\n\n<p>La prueba de Madrid es la m\u00e1s multitudinaria del circuito. Para 2026 se han anunciado 38.000 dorsales y un recorrido de 6,5 km que atraviesa algunos de los lugares m\u00e1s emblem\u00e1ticos de la capital. La salida se situar\u00e1 en el Paseo de la Castellana, bajando hacia Cibeles y la Gran V\u00eda para terminar en el Paseo de Camoens, en el Parque del Oeste.<\/p>\n\n\n\n<p>La meta se convertir\u00e1 en un gran festival con clases colectivas y stands de patrocinadores. Correos Express ser\u00e1 el socio log\u00edstico, mientras que parte de la recaudaci\u00f3n se destinar\u00e1 a proyectos de investigaci\u00f3n contra el c\u00e1ncer y a programas que luchan contra la violencia de g\u00e9nero.<\/p>\n\n\n\n<p>Al ser una distancia ligeramente superior a la de Gran Canaria, conviene preparar tu resistencia aer\u00f3bica. Incorpora sesiones de 8\u201310 km a ritmo suave y alg\u00fan entrenamiento con cambios de ritmo para adaptarte a las peque\u00f1as subidas del recorrido. Practica tambi\u00e9n correr por asfalto y cuestas suaves. Recuerda que puedes consultar nuestra gu\u00eda sobre <a href=\"https:\/\/snaprace.app\/blog\/entrenamiento-segun-el-ciclo-menstrual-para-runners\/\" target=\"_blank\" rel=\"noopener noreferrer\">entrenamiento seg\u00fan el ciclo menstrual<\/a> para optimizar tus entrenamientos en funci\u00f3n de tu fisiolog\u00eda.<\/p>\n\n\n\n<h2 class=\"wp-block-heading\">Consejos para preparar tu Carrera de la Mujer<\/h2>\n\n\n\n<ul class=\"wp-block-list\">\n<li><strong>Planifica con tiempo:<\/strong> dedica al menos seis semanas a preparar la prueba, incrementando progresivamente el volumen de kil\u00f3metros.<\/li>\n<li><strong>Entrena fuerza:<\/strong> complementa tus rodajes con ejercicios de fuerza para piernas y core.<\/li>\n<li><strong>Cuida tu t\u00e9cnica:<\/strong> realiza ejercicios de t\u00e9cnica de carrera como skipping o talones al gl\u00fateo.<\/li>\n<li><strong>Descansa y recupera:<\/strong> incluye d\u00edas de descanso y sesiones suaves para asimilar el entrenamiento.<\/li>\n<li><strong>Alim\u00e9ntate adecuadamente:<\/strong> mant\u00e9n una dieta equilibrada y una buena hidrataci\u00f3n.<\/li>\n<li><strong>Prueba tu equipaci\u00f3n:<\/strong> utiliza previamente las zapatillas y ropa que llevar\u00e1s el d\u00eda de la carrera.<\/li>\n<\/ul>\n\n\n\n<p>Recuerda que la Carrera de la Mujer es ante todo una fiesta. Ajusta tus objetivos a tu nivel y disfruta del ambiente. La app SnapRace puede ayudarte a crear planes personalizados, monitorizar tus entrenamientos y compartir tus logros con otras corredoras.<\/p>\n\n\n\n<h2 class=\"wp-block-heading\">C\u00f3mo vivir la experiencia al m\u00e1ximo<\/h2>\n\n\n\n<ul class=\"wp-block-list\">\n<li><strong>Forma un equipo:<\/strong> corre con amigas, familiares o compa\u00f1eras de trabajo.<\/li>\n<li><strong>Viste de rosa:<\/strong> luce la camiseta oficial o alguna prenda rosa.<\/li>\n<li><strong>Llega con tiempo:<\/strong> recoge tu dorsal con antelaci\u00f3n y llega pronto el d\u00eda de la carrera.<\/li>\n<li><strong>Participa en el festival:<\/strong> tras cruzar la meta disfruta de las clases colectivas y actividades.<\/li>\n<li><strong>Comparte tu experiencia:<\/strong> anima a otras mujeres a participar en futuras ediciones.<\/li>\n<\/ul>\n\n\n\n<h2 class=\"wp-block-heading\">Solidaridad y comunidad<\/h2>\n\n\n\n<p>Una de las claves del \u00e9xito de la Carrera de la Mujer es su vertiente solidaria. Cada dorsal contribuye a proyectos de investigaci\u00f3n oncol\u00f3gica y a programas para la prevenci\u00f3n de la violencia de g\u00e9nero. Adem\u00e1s, la carrera visibiliza la importancia de la actividad f\u00edsica en la salud de las mujeres y crea una comunidad de corredoras que se apoyan mutuamente.<\/p>\n\n\n\n<h2 class=\"wp-block-heading\">Reflexi\u00f3n final<\/h2>\n\n\n\n<p>La Carrera de la Mujer 2026 promete ser una edici\u00f3n inolvidable. Con un calendario completo, recorridos atractivos y un fuerte esp\u00edritu solidario, esta marea rosa volver\u00e1 a inundar las calles de nueve ciudades espa\u00f1olas. Ya sea que busques tu primera experiencia en una carrera popular, quieras mejorar tu marca personal o simplemente disfrutar de una jornada deportiva y solidaria, este circuito es para ti. \u00a1Inscr\u00edbete, entrena con entusiasmo y vive la magia de la Carrera de la Mujer junto a miles de corredoras!<\/p>\n","protected":false},"excerpt":{"rendered":"<p>La Carrera de la Mujer 2026 regresa con m\u00e1s fuerza que nunca. Este circuito pionero es mucho m\u00e1s que una serie de carreras: desde su primera edici\u00f3n en 2004 ha movilizado a millones de mujeres por toda Espa\u00f1a y ha recaudado fondos para la investigaci\u00f3n del c\u00e1ncer de mama y otras causas solidarias. La \u201cmarea [&hellip;]<\/p>\n","protected":false},"author":1,"featured_media":2598,"comment_status":"open","ping_status":"open","sticky":false,"template":"","format":"standard","meta":{"_jetpack_memberships_contains_paid_content":false,"footnotes":"","jetpack_publicize_message":"","jetpack_publicize_feature_enabled":true,"jetpack_social_post_already_shared":true,"jetpack_social_options":{"image_generator_settings":{"template":"highway","default_image_id":0,"font":"","enabled":false},"version":2}},"categories":[9,5563,6210],"tags":[6271,6265,6267,6259,6212,6275,6272,6261,5955,6281,219,6260,6276,6213,4207,6215,6277,6266],"class_list":["post-2586","post","type-post","status-publish","format-standard","has-post-thumbnail","hentry","category-noticias","category-noticias-de-running","category-running-femenino","tag-aecc","tag-calendario-carreras-2026","tag-cancer-de-mama-investigacion","tag-carrera-de-la-mujer","tag-carrera-de-la-mujer-2026","tag-carreras-5k-espana","tag-carreras-7k-espana","tag-carreras-femeninas","tag-carreras-populares-espana","tag-carreras-populares-para-principiantes","tag-carreras-solidarias","tag-circuito-carrera-de-la-mujer","tag-eventos-deportivos-femeninos","tag-marea-rosa","tag-running-en-espana","tag-running-femenino","tag-running-para-mujeres","tag-running-solidario"],"yoast_head":"<!-- This site is optimized with the Yoast SEO plugin v27.5 - https:\/\/yoast.com\/product\/yoast-seo-wordpress\/ -->\n<title>Carrera de la Mujer 2026: calendario, recorridos y consejos - SnapRace<\/title>\n<meta name=\"description\" content=\"Descubre el calendario completo de la Carrera de la Mujer 2026, los recorridos de cada ciudad y consejos para entrenar y disfrutar al maximo la marea rosa. Usa SnapRace para prepararte.\" \/>\n<meta name=\"robots\" content=\"index, follow, max-snippet:-1, max-image-preview:large, max-video-preview:-1\" \/>\n<link rel=\"canonical\" href=\"https:\/\/snaprace.app\/blog\/carrera-de-la-mujer-2026-calendario-recorridos-y-consejos-para-unirte-a-la-marea-rosa\/\" \/>\n<meta property=\"og:locale\" content=\"es_ES\" \/>\n<meta property=\"og:type\" content=\"article\" \/>\n<meta property=\"og:title\" content=\"Carrera de la Mujer 2026: calendario, recorridos y consejos - SnapRace\" \/>\n<meta property=\"og:description\" content=\"Descubre el calendario completo de la Carrera de la Mujer 2026, los recorridos de cada ciudad y consejos para entrenar y disfrutar al maximo la marea rosa. Usa SnapRace para prepararte.\" \/>\n<meta property=\"og:url\" content=\"https:\/\/snaprace.app\/blog\/carrera-de-la-mujer-2026-calendario-recorridos-y-consejos-para-unirte-a-la-marea-rosa\/\" \/>\n<meta property=\"og:site_name\" content=\"SnapRace - Corre, compite y mejora\" \/>\n<meta property=\"article:published_time\" content=\"2026-03-07T08:15:48+00:00\" \/>\n<meta property=\"article:modified_time\" content=\"2026-03-14T09:04:11+00:00\" \/>\n<meta property=\"og:image\" content=\"https:\/\/snaprace.app\/blog\/wp-content\/uploads\/2026\/03\/3561701.jpg\" \/>\n\t<meta property=\"og:image:width\" content=\"1376\" \/>\n\t<meta property=\"og:image:height\" content=\"768\" \/>\n\t<meta property=\"og:image:type\" content=\"image\/jpeg\" \/>\n<meta name=\"author\" content=\"Ra\u00fal Vidal Mui\u00f1os\" \/>\n<meta name=\"twitter:card\" content=\"summary_large_image\" \/>\n<meta name=\"twitter:creator\" content=\"@SnapRaceOficial\" \/>\n<meta name=\"twitter:site\" content=\"@SnapRaceOficial\" \/>\n<meta name=\"twitter:label1\" content=\"Escrito por\" \/>\n\t<meta name=\"twitter:data1\" content=\"Ra\u00fal Vidal Mui\u00f1os\" \/>\n\t<meta name=\"twitter:label2\" content=\"Tiempo de lectura\" \/>\n\t<meta name=\"twitter:data2\" content=\"6 minutos\" \/>\n<script type=\"application\/ld+json\" class=\"yoast-schema-graph\">{\"@context\":\"https:\\\/\\\/schema.org\",\"@graph\":[{\"@type\":\"Article\",\"@id\":\"https:\\\/\\\/snaprace.app\\\/blog\\\/carrera-de-la-mujer-2026-calendario-recorridos-y-consejos-para-unirte-a-la-marea-rosa\\\/#article\",\"isPartOf\":{\"@id\":\"https:\\\/\\\/snaprace.app\\\/blog\\\/carrera-de-la-mujer-2026-calendario-recorridos-y-consejos-para-unirte-a-la-marea-rosa\\\/\"},\"author\":{\"name\":\"Ra\u00fal Vidal Mui\u00f1os\",\"@id\":\"https:\\\/\\\/snaprace.app\\\/blog\\\/#\\\/schema\\\/person\\\/39a907d5ae9aa363cdcb81a560f16a60\"},\"headline\":\"Carrera de la Mujer 2026: calendario, recorridos y consejos para unirte a la marea rosa\",\"datePublished\":\"2026-03-07T08:15:48+00:00\",\"dateModified\":\"2026-03-14T09:04:11+00:00\",\"mainEntityOfPage\":{\"@id\":\"https:\\\/\\\/snaprace.app\\\/blog\\\/carrera-de-la-mujer-2026-calendario-recorridos-y-consejos-para-unirte-a-la-marea-rosa\\\/\"},\"wordCount\":1139,\"commentCount\":0,\"publisher\":{\"@id\":\"https:\\\/\\\/snaprace.app\\\/blog\\\/#organization\"},\"image\":{\"@id\":\"https:\\\/\\\/snaprace.app\\\/blog\\\/carrera-de-la-mujer-2026-calendario-recorridos-y-consejos-para-unirte-a-la-marea-rosa\\\/#primaryimage\"},\"thumbnailUrl\":\"https:\\\/\\\/i0.wp.com\\\/snaprace.app\\\/blog\\\/wp-content\\\/uploads\\\/2026\\\/03\\\/3561701.jpg?fit=1376%2C768&ssl=1\",\"keywords\":[\"AECC\",\"calendario carreras 2026\",\"c\u00e1ncer de mama investigaci\u00f3n\",\"Carrera de la Mujer\",\"Carrera de la Mujer 2026\",\"carreras 5K Espa\u00f1a\",\"carreras 7K Espa\u00f1a\",\"carreras femeninas\",\"carreras populares Espa\u00f1a\",\"carreras populares para principiantes\",\"carreras solidarias\",\"circuito Carrera de la Mujer\",\"eventos deportivos femeninos\",\"marea rosa\",\"running en Espa\u00f1a\",\"running femenino\",\"running para mujeres\",\"running solidario\"],\"articleSection\":[\"Noticias\",\"Noticias de running\",\"Running femenino\"],\"inLanguage\":\"es\",\"potentialAction\":[{\"@type\":\"CommentAction\",\"name\":\"Comment\",\"target\":[\"https:\\\/\\\/snaprace.app\\\/blog\\\/carrera-de-la-mujer-2026-calendario-recorridos-y-consejos-para-unirte-a-la-marea-rosa\\\/#respond\"]}]},{\"@type\":\"WebPage\",\"@id\":\"https:\\\/\\\/snaprace.app\\\/blog\\\/carrera-de-la-mujer-2026-calendario-recorridos-y-consejos-para-unirte-a-la-marea-rosa\\\/\",\"url\":\"https:\\\/\\\/snaprace.app\\\/blog\\\/carrera-de-la-mujer-2026-calendario-recorridos-y-consejos-para-unirte-a-la-marea-rosa\\\/\",\"name\":\"Carrera de la Mujer 2026: calendario, recorridos y consejos - SnapRace\",\"isPartOf\":{\"@id\":\"https:\\\/\\\/snaprace.app\\\/blog\\\/#website\"},\"primaryImageOfPage\":{\"@id\":\"https:\\\/\\\/snaprace.app\\\/blog\\\/carrera-de-la-mujer-2026-calendario-recorridos-y-consejos-para-unirte-a-la-marea-rosa\\\/#primaryimage\"},\"image\":{\"@id\":\"https:\\\/\\\/snaprace.app\\\/blog\\\/carrera-de-la-mujer-2026-calendario-recorridos-y-consejos-para-unirte-a-la-marea-rosa\\\/#primaryimage\"},\"thumbnailUrl\":\"https:\\\/\\\/i0.wp.com\\\/snaprace.app\\\/blog\\\/wp-content\\\/uploads\\\/2026\\\/03\\\/3561701.jpg?fit=1376%2C768&ssl=1\",\"datePublished\":\"2026-03-07T08:15:48+00:00\",\"dateModified\":\"2026-03-14T09:04:11+00:00\",\"description\":\"Descubre el calendario completo de la Carrera de la Mujer 2026, los recorridos de cada ciudad y consejos para entrenar y disfrutar al maximo la marea rosa. Usa SnapRace para prepararte.\",\"breadcrumb\":{\"@id\":\"https:\\\/\\\/snaprace.app\\\/blog\\\/carrera-de-la-mujer-2026-calendario-recorridos-y-consejos-para-unirte-a-la-marea-rosa\\\/#breadcrumb\"},\"inLanguage\":\"es\",\"potentialAction\":[{\"@type\":\"ReadAction\",\"target\":[\"https:\\\/\\\/snaprace.app\\\/blog\\\/carrera-de-la-mujer-2026-calendario-recorridos-y-consejos-para-unirte-a-la-marea-rosa\\\/\"]}]},{\"@type\":\"ImageObject\",\"inLanguage\":\"es\",\"@id\":\"https:\\\/\\\/snaprace.app\\\/blog\\\/carrera-de-la-mujer-2026-calendario-recorridos-y-consejos-para-unirte-a-la-marea-rosa\\\/#primaryimage\",\"url\":\"https:\\\/\\\/i0.wp.com\\\/snaprace.app\\\/blog\\\/wp-content\\\/uploads\\\/2026\\\/03\\\/3561701.jpg?fit=1376%2C768&ssl=1\",\"contentUrl\":\"https:\\\/\\\/i0.wp.com\\\/snaprace.app\\\/blog\\\/wp-content\\\/uploads\\\/2026\\\/03\\\/3561701.jpg?fit=1376%2C768&ssl=1\",\"width\":1376,\"height\":768,\"caption\":\"Carrera de la Mujer 2026\"},{\"@type\":\"BreadcrumbList\",\"@id\":\"https:\\\/\\\/snaprace.app\\\/blog\\\/carrera-de-la-mujer-2026-calendario-recorridos-y-consejos-para-unirte-a-la-marea-rosa\\\/#breadcrumb\",\"itemListElement\":[{\"@type\":\"ListItem\",\"position\":1,\"name\":\"Portada\",\"item\":\"https:\\\/\\\/snaprace.app\\\/blog\\\/\"},{\"@type\":\"ListItem\",\"position\":2,\"name\":\"Carrera de la Mujer 2026: calendario, recorridos y consejos para unirte a la marea rosa\"}]},{\"@type\":\"WebSite\",\"@id\":\"https:\\\/\\\/snaprace.app\\\/blog\\\/#website\",\"url\":\"https:\\\/\\\/snaprace.app\\\/blog\\\/\",\"name\":\"SnapRace \u2014 Tu carrera empieza aqu\u00ed\",\"description\":\"Stories, tips and routes to enjoy running like never before \u2014 discover guides, news and key insights to get the most out of SnapRace.\",\"publisher\":{\"@id\":\"https:\\\/\\\/snaprace.app\\\/blog\\\/#organization\"},\"potentialAction\":[{\"@type\":\"SearchAction\",\"target\":{\"@type\":\"EntryPoint\",\"urlTemplate\":\"https:\\\/\\\/snaprace.app\\\/blog\\\/?s={search_term_string}\"},\"query-input\":{\"@type\":\"PropertyValueSpecification\",\"valueRequired\":true,\"valueName\":\"search_term_string\"}}],\"inLanguage\":\"es\"},{\"@type\":\"Organization\",\"@id\":\"https:\\\/\\\/snaprace.app\\\/blog\\\/#organization\",\"name\":\"Devinet 2013, S.L.U:\",\"url\":\"https:\\\/\\\/snaprace.app\\\/blog\\\/\",\"logo\":{\"@type\":\"ImageObject\",\"inLanguage\":\"es\",\"@id\":\"https:\\\/\\\/snaprace.app\\\/blog\\\/#\\\/schema\\\/logo\\\/image\\\/\",\"url\":\"https:\\\/\\\/i0.wp.com\\\/snaprace.app\\\/blog\\\/wp-content\\\/uploads\\\/2025\\\/11\\\/cropped-SnapRace.png?fit=512%2C512&ssl=1\",\"contentUrl\":\"https:\\\/\\\/i0.wp.com\\\/snaprace.app\\\/blog\\\/wp-content\\\/uploads\\\/2025\\\/11\\\/cropped-SnapRace.png?fit=512%2C512&ssl=1\",\"width\":512,\"height\":512,\"caption\":\"Devinet 2013, S.L.U:\"},\"image\":{\"@id\":\"https:\\\/\\\/snaprace.app\\\/blog\\\/#\\\/schema\\\/logo\\\/image\\\/\"},\"sameAs\":[\"https:\\\/\\\/x.com\\\/SnapRaceOficial\",\"https:\\\/\\\/www.instagram.com\\\/snapraceoficial\\\/\"]},{\"@type\":\"Person\",\"@id\":\"https:\\\/\\\/snaprace.app\\\/blog\\\/#\\\/schema\\\/person\\\/39a907d5ae9aa363cdcb81a560f16a60\",\"name\":\"Ra\u00fal Vidal Mui\u00f1os\",\"image\":{\"@type\":\"ImageObject\",\"inLanguage\":\"es\",\"@id\":\"https:\\\/\\\/secure.gravatar.com\\\/avatar\\\/7503fe619e8e8d74ade045a3fdde0cfcb48c70641df929a6d0972b03204d7598?s=96&d=mm&r=g\",\"url\":\"https:\\\/\\\/secure.gravatar.com\\\/avatar\\\/7503fe619e8e8d74ade045a3fdde0cfcb48c70641df929a6d0972b03204d7598?s=96&d=mm&r=g\",\"contentUrl\":\"https:\\\/\\\/secure.gravatar.com\\\/avatar\\\/7503fe619e8e8d74ade045a3fdde0cfcb48c70641df929a6d0972b03204d7598?s=96&d=mm&r=g\",\"caption\":\"Ra\u00fal Vidal Mui\u00f1os\"},\"sameAs\":[\"https:\\\/\\\/devinet.es\"],\"url\":\"https:\\\/\\\/snaprace.app\\\/blog\\\/author\\\/kou\\\/\"}]}<\/script>\n<!-- \/ Yoast SEO plugin. -->","yoast_head_json":{"title":"Carrera de la Mujer 2026: calendario, recorridos y consejos - SnapRace","description":"Descubre el calendario completo de la Carrera de la Mujer 2026, los recorridos de cada ciudad y consejos para entrenar y disfrutar al maximo la marea rosa. Usa SnapRace para prepararte.","robots":{"index":"index","follow":"follow","max-snippet":"max-snippet:-1","max-image-preview":"max-image-preview:large","max-video-preview":"max-video-preview:-1"},"canonical":"https:\/\/snaprace.app\/blog\/carrera-de-la-mujer-2026-calendario-recorridos-y-consejos-para-unirte-a-la-marea-rosa\/","og_locale":"es_ES","og_type":"article","og_title":"Carrera de la Mujer 2026: calendario, recorridos y consejos - SnapRace","og_description":"Descubre el calendario completo de la Carrera de la Mujer 2026, los recorridos de cada ciudad y consejos para entrenar y disfrutar al maximo la marea rosa. Usa SnapRace para prepararte.","og_url":"https:\/\/snaprace.app\/blog\/carrera-de-la-mujer-2026-calendario-recorridos-y-consejos-para-unirte-a-la-marea-rosa\/","og_site_name":"SnapRace - Corre, compite y mejora","article_published_time":"2026-03-07T08:15:48+00:00","article_modified_time":"2026-03-14T09:04:11+00:00","og_image":[{"width":1376,"height":768,"url":"https:\/\/snaprace.app\/blog\/wp-content\/uploads\/2026\/03\/3561701.jpg","type":"image\/jpeg"}],"author":"Ra\u00fal Vidal Mui\u00f1os","twitter_card":"summary_large_image","twitter_creator":"@SnapRaceOficial","twitter_site":"@SnapRaceOficial","twitter_misc":{"Escrito por":"Ra\u00fal Vidal Mui\u00f1os","Tiempo de lectura":"6 minutos"},"schema":{"@context":"https:\/\/schema.org","@graph":[{"@type":"Article","@id":"https:\/\/snaprace.app\/blog\/carrera-de-la-mujer-2026-calendario-recorridos-y-consejos-para-unirte-a-la-marea-rosa\/#article","isPartOf":{"@id":"https:\/\/snaprace.app\/blog\/carrera-de-la-mujer-2026-calendario-recorridos-y-consejos-para-unirte-a-la-marea-rosa\/"},"author":{"name":"Ra\u00fal Vidal Mui\u00f1os","@id":"https:\/\/snaprace.app\/blog\/#\/schema\/person\/39a907d5ae9aa363cdcb81a560f16a60"},"headline":"Carrera de la Mujer 2026: calendario, recorridos y consejos para unirte a la marea rosa","datePublished":"2026-03-07T08:15:48+00:00","dateModified":"2026-03-14T09:04:11+00:00","mainEntityOfPage":{"@id":"https:\/\/snaprace.app\/blog\/carrera-de-la-mujer-2026-calendario-recorridos-y-consejos-para-unirte-a-la-marea-rosa\/"},"wordCount":1139,"commentCount":0,"publisher":{"@id":"https:\/\/snaprace.app\/blog\/#organization"},"image":{"@id":"https:\/\/snaprace.app\/blog\/carrera-de-la-mujer-2026-calendario-recorridos-y-consejos-para-unirte-a-la-marea-rosa\/#primaryimage"},"thumbnailUrl":"https:\/\/i0.wp.com\/snaprace.app\/blog\/wp-content\/uploads\/2026\/03\/3561701.jpg?fit=1376%2C768&ssl=1","keywords":["AECC","calendario carreras 2026","c\u00e1ncer de mama investigaci\u00f3n","Carrera de la Mujer","Carrera de la Mujer 2026","carreras 5K Espa\u00f1a","carreras 7K Espa\u00f1a","carreras femeninas","carreras populares Espa\u00f1a","carreras populares para principiantes","carreras solidarias","circuito Carrera de la Mujer","eventos deportivos femeninos","marea rosa","running en Espa\u00f1a","running femenino","running para mujeres","running solidario"],"articleSection":["Noticias","Noticias de running","Running femenino"],"inLanguage":"es","potentialAction":[{"@type":"CommentAction","name":"Comment","target":["https:\/\/snaprace.app\/blog\/carrera-de-la-mujer-2026-calendario-recorridos-y-consejos-para-unirte-a-la-marea-rosa\/#respond"]}]},{"@type":"WebPage","@id":"https:\/\/snaprace.app\/blog\/carrera-de-la-mujer-2026-calendario-recorridos-y-consejos-para-unirte-a-la-marea-rosa\/","url":"https:\/\/snaprace.app\/blog\/carrera-de-la-mujer-2026-calendario-recorridos-y-consejos-para-unirte-a-la-marea-rosa\/","name":"Carrera de la Mujer 2026: calendario, recorridos y consejos - SnapRace","isPartOf":{"@id":"https:\/\/snaprace.app\/blog\/#website"},"primaryImageOfPage":{"@id":"https:\/\/snaprace.app\/blog\/carrera-de-la-mujer-2026-calendario-recorridos-y-consejos-para-unirte-a-la-marea-rosa\/#primaryimage"},"image":{"@id":"https:\/\/snaprace.app\/blog\/carrera-de-la-mujer-2026-calendario-recorridos-y-consejos-para-unirte-a-la-marea-rosa\/#primaryimage"},"thumbnailUrl":"https:\/\/i0.wp.com\/snaprace.app\/blog\/wp-content\/uploads\/2026\/03\/3561701.jpg?fit=1376%2C768&ssl=1","datePublished":"2026-03-07T08:15:48+00:00","dateModified":"2026-03-14T09:04:11+00:00","description":"Descubre el calendario completo de la Carrera de la Mujer 2026, los recorridos de cada ciudad y consejos para entrenar y disfrutar al maximo la marea rosa. Usa SnapRace para prepararte.","breadcrumb":{"@id":"https:\/\/snaprace.app\/blog\/carrera-de-la-mujer-2026-calendario-recorridos-y-consejos-para-unirte-a-la-marea-rosa\/#breadcrumb"},"inLanguage":"es","potentialAction":[{"@type":"ReadAction","target":["https:\/\/snaprace.app\/blog\/carrera-de-la-mujer-2026-calendario-recorridos-y-consejos-para-unirte-a-la-marea-rosa\/"]}]},{"@type":"ImageObject","inLanguage":"es","@id":"https:\/\/snaprace.app\/blog\/carrera-de-la-mujer-2026-calendario-recorridos-y-consejos-para-unirte-a-la-marea-rosa\/#primaryimage","url":"https:\/\/i0.wp.com\/snaprace.app\/blog\/wp-content\/uploads\/2026\/03\/3561701.jpg?fit=1376%2C768&ssl=1","contentUrl":"https:\/\/i0.wp.com\/snaprace.app\/blog\/wp-content\/uploads\/2026\/03\/3561701.jpg?fit=1376%2C768&ssl=1","width":1376,"height":768,"caption":"Carrera de la Mujer 2026"},{"@type":"BreadcrumbList","@id":"https:\/\/snaprace.app\/blog\/carrera-de-la-mujer-2026-calendario-recorridos-y-consejos-para-unirte-a-la-marea-rosa\/#breadcrumb","itemListElement":[{"@type":"ListItem","position":1,"name":"Portada","item":"https:\/\/snaprace.app\/blog\/"},{"@type":"ListItem","position":2,"name":"Carrera de la Mujer 2026: calendario, recorridos y consejos para unirte a la marea rosa"}]},{"@type":"WebSite","@id":"https:\/\/snaprace.app\/blog\/#website","url":"https:\/\/snaprace.app\/blog\/","name":"SnapRace \u2014 Tu carrera empieza aqu\u00ed","description":"Stories, tips and routes to enjoy running like never before \u2014 discover guides, news and key insights to get the most out of SnapRace.","publisher":{"@id":"https:\/\/snaprace.app\/blog\/#organization"},"potentialAction":[{"@type":"SearchAction","target":{"@type":"EntryPoint","urlTemplate":"https:\/\/snaprace.app\/blog\/?s={search_term_string}"},"query-input":{"@type":"PropertyValueSpecification","valueRequired":true,"valueName":"search_term_string"}}],"inLanguage":"es"},{"@type":"Organization","@id":"https:\/\/snaprace.app\/blog\/#organization","name":"Devinet 2013, S.L.U:","url":"https:\/\/snaprace.app\/blog\/","logo":{"@type":"ImageObject","inLanguage":"es","@id":"https:\/\/snaprace.app\/blog\/#\/schema\/logo\/image\/","url":"https:\/\/i0.wp.com\/snaprace.app\/blog\/wp-content\/uploads\/2025\/11\/cropped-SnapRace.png?fit=512%2C512&ssl=1","contentUrl":"https:\/\/i0.wp.com\/snaprace.app\/blog\/wp-content\/uploads\/2025\/11\/cropped-SnapRace.png?fit=512%2C512&ssl=1","width":512,"height":512,"caption":"Devinet 2013, S.L.U:"},"image":{"@id":"https:\/\/snaprace.app\/blog\/#\/schema\/logo\/image\/"},"sameAs":["https:\/\/x.com\/SnapRaceOficial","https:\/\/www.instagram.com\/snapraceoficial\/"]},{"@type":"Person","@id":"https:\/\/snaprace.app\/blog\/#\/schema\/person\/39a907d5ae9aa363cdcb81a560f16a60","name":"Ra\u00fal Vidal Mui\u00f1os","image":{"@type":"ImageObject","inLanguage":"es","@id":"https:\/\/secure.gravatar.com\/avatar\/7503fe619e8e8d74ade045a3fdde0cfcb48c70641df929a6d0972b03204d7598?s=96&d=mm&r=g","url":"https:\/\/secure.gravatar.com\/avatar\/7503fe619e8e8d74ade045a3fdde0cfcb48c70641df929a6d0972b03204d7598?s=96&d=mm&r=g","contentUrl":"https:\/\/secure.gravatar.com\/avatar\/7503fe619e8e8d74ade045a3fdde0cfcb48c70641df929a6d0972b03204d7598?s=96&d=mm&r=g","caption":"Ra\u00fal Vidal Mui\u00f1os"},"sameAs":["https:\/\/devinet.es"],"url":"https:\/\/snaprace.app\/blog\/author\/kou\/"}]}},"jetpack_publicize_connections":[],"jetpack_featured_media_url":"https:\/\/i0.wp.com\/snaprace.app\/blog\/wp-content\/uploads\/2026\/03\/3561701.jpg?fit=1376%2C768&ssl=1","jetpack_sharing_enabled":true,"jetpack-related-posts":[{"id":57,"url":"https:\/\/snaprace.app\/blog\/carrera-de-la-mujer-2025-la-marea-rosa-se-prepara-para-inundar-barcelona-y-sevilla\/","url_meta":{"origin":2586,"position":0},"title":"Carrera de la Mujer 2025: la marea rosa se prepara para inundar Barcelona y Sevilla","author":"Ra\u00fal Vidal Mui\u00f1os","date":"7 de noviembre de 2025","format":false,"excerpt":"La Carrera de la Mujer es una gira solidaria que apoya la investigaci\u00f3n contra el c\u00e1ncer de mama y promueve el deporte femenino en varias ciudades espa\u00f1olas. En 2025 comenzar\u00e1 en Las Palmas y finalizar\u00e1 en Sevilla, fomentando la participaci\u00f3n masiva y la recaudaci\u00f3n de fondos, adem\u00e1s de ofrecer actividades\u2026","rel":"","context":"En \u00abBarcelona\u00bb","block_context":{"text":"Barcelona","link":"https:\/\/snaprace.app\/blog\/category\/barcelona\/"},"img":{"alt_text":"Marea rosa en la cursa de la mujer 2024 de Barcelona","src":"https:\/\/i0.wp.com\/snaprace.app\/blog\/wp-content\/uploads\/2025\/11\/G1IvKGgWwAAnVbV.jpg?fit=1200%2C800&ssl=1&resize=350%2C200","width":350,"height":200,"srcset":"https:\/\/i0.wp.com\/snaprace.app\/blog\/wp-content\/uploads\/2025\/11\/G1IvKGgWwAAnVbV.jpg?fit=1200%2C800&ssl=1&resize=350%2C200 1x, https:\/\/i0.wp.com\/snaprace.app\/blog\/wp-content\/uploads\/2025\/11\/G1IvKGgWwAAnVbV.jpg?fit=1200%2C800&ssl=1&resize=525%2C300 1.5x, https:\/\/i0.wp.com\/snaprace.app\/blog\/wp-content\/uploads\/2025\/11\/G1IvKGgWwAAnVbV.jpg?fit=1200%2C800&ssl=1&resize=700%2C400 2x, https:\/\/i0.wp.com\/snaprace.app\/blog\/wp-content\/uploads\/2025\/11\/G1IvKGgWwAAnVbV.jpg?fit=1200%2C800&ssl=1&resize=1050%2C600 3x"},"classes":[]},{"id":1647,"url":"https:\/\/snaprace.app\/blog\/cursa-moritz-sant-antoni-2026\/","url_meta":{"origin":2586,"position":1},"title":"Cursa Moritz Sant Antoni 2026: r\u00e9cord hist\u00f3rico y fiesta del running en Barcelona","author":"Ra\u00fal Vidal Mui\u00f1os","date":"29 de enero de 2026","format":false,"excerpt":"Barcelona vivi\u00f3 una aut\u00e9ntica fiesta del running el pasado fin de semana con la 47.\u00aa edici\u00f3n de la Cursa Moritz Sant\u00a0Antoni. Con m\u00e1s de 7\u00a0500 participantes, la prueba demostr\u00f3 por qu\u00e9 es una de las carreras populares m\u00e1s queridas de Catalunya: un circuito r\u00e1pido por las principales calles del barrio\u2026","rel":"","context":"En \u00abCarreras 2026\u00bb","block_context":{"text":"Carreras 2026","link":"https:\/\/snaprace.app\/blog\/category\/carreras-2026\/"},"img":{"alt_text":"","src":"https:\/\/i0.wp.com\/snaprace.app\/blog\/wp-content\/uploads\/2026\/01\/2612673.jpg?fit=1200%2C670&ssl=1&resize=350%2C200","width":350,"height":200,"srcset":"https:\/\/i0.wp.com\/snaprace.app\/blog\/wp-content\/uploads\/2026\/01\/2612673.jpg?fit=1200%2C670&ssl=1&resize=350%2C200 1x, https:\/\/i0.wp.com\/snaprace.app\/blog\/wp-content\/uploads\/2026\/01\/2612673.jpg?fit=1200%2C670&ssl=1&resize=525%2C300 1.5x, https:\/\/i0.wp.com\/snaprace.app\/blog\/wp-content\/uploads\/2026\/01\/2612673.jpg?fit=1200%2C670&ssl=1&resize=700%2C400 2x, https:\/\/i0.wp.com\/snaprace.app\/blog\/wp-content\/uploads\/2026\/01\/2612673.jpg?fit=1200%2C670&ssl=1&resize=1050%2C600 3x"},"classes":[]},{"id":3403,"url":"https:\/\/snaprace.app\/blog\/madrid-en-marcha-contra-el-cancer-2026-cronica-y-resultados-de-la-marea-solidaria\/","url_meta":{"origin":2586,"position":2},"title":"Madrid en Marcha Contra el C\u00e1ncer 2026: cr\u00f3nica y resultados de la marea solidaria","author":"Ra\u00fal Vidal Mui\u00f1os","date":"21 de abril de 2026","format":false,"excerpt":"El domingo 19 de abril de 2026, el Paseo de la Castellana volvi\u00f3 a te\u00f1irse de verde. La XIII edici\u00f3n de Madrid en Marcha Contra el C\u00e1ncer, organizada por la Asociaci\u00f3n Espa\u00f1ola Contra el C\u00e1ncer (AECC) y celebrada bajo el lema \u201cDemos un paso m\u00e1s\u201d, reuni\u00f3 a cerca de 35.000\u2026","rel":"","context":"En \u00abCarreras solidarias\u00bb","block_context":{"text":"Carreras solidarias","link":"https:\/\/snaprace.app\/blog\/category\/carreras-solidarias\/"},"img":{"alt_text":"Madrid en Marcha Contra el C\u00e1ncer 2026: cr\u00f3nica y resultados de la marea solidaria","src":"https:\/\/i0.wp.com\/snaprace.app\/blog\/wp-content\/uploads\/2026\/04\/4253947.jpg?fit=1200%2C670&ssl=1&resize=350%2C200","width":350,"height":200,"srcset":"https:\/\/i0.wp.com\/snaprace.app\/blog\/wp-content\/uploads\/2026\/04\/4253947.jpg?fit=1200%2C670&ssl=1&resize=350%2C200 1x, https:\/\/i0.wp.com\/snaprace.app\/blog\/wp-content\/uploads\/2026\/04\/4253947.jpg?fit=1200%2C670&ssl=1&resize=525%2C300 1.5x, https:\/\/i0.wp.com\/snaprace.app\/blog\/wp-content\/uploads\/2026\/04\/4253947.jpg?fit=1200%2C670&ssl=1&resize=700%2C400 2x, https:\/\/i0.wp.com\/snaprace.app\/blog\/wp-content\/uploads\/2026\/04\/4253947.jpg?fit=1200%2C670&ssl=1&resize=1050%2C600 3x"},"classes":[]},{"id":2343,"url":"https:\/\/snaprace.app\/blog\/madrid-limita-a-19-las-carreras-por-el-centro-en-2026-que-significa-para-los-runners\/","url_meta":{"origin":2586,"position":3},"title":"Madrid limita a 19 las carreras por el centro en 2026: \u00bfqu\u00e9 significa para los runners?","author":"Ra\u00fal Vidal Mui\u00f1os","date":"28 de febrero de 2026","format":false,"excerpt":"El Ayuntamiento de Madrid ha decidido ordenar el intenso calendario de carreras que atraviesan el coraz\u00f3n de la capital. Para 2026 se recibieron 36 solicitudes para celebrar pruebas que discurren por el eje del paseo de la Castellana, pero a partir del pr\u00f3ximo a\u00f1o solo se autorizar\u00e1n 19 eventos. La\u2026","rel":"","context":"En \u00abNoticias de running\u00bb","block_context":{"text":"Noticias de running","link":"https:\/\/snaprace.app\/blog\/category\/noticias-de-running\/"},"img":{"alt_text":"Madrid limita a 19 las carreras por el centro en 2026","src":"https:\/\/i0.wp.com\/snaprace.app\/blog\/wp-content\/uploads\/2026\/02\/3425403.jpg?fit=1200%2C670&ssl=1&resize=350%2C200","width":350,"height":200,"srcset":"https:\/\/i0.wp.com\/snaprace.app\/blog\/wp-content\/uploads\/2026\/02\/3425403.jpg?fit=1200%2C670&ssl=1&resize=350%2C200 1x, https:\/\/i0.wp.com\/snaprace.app\/blog\/wp-content\/uploads\/2026\/02\/3425403.jpg?fit=1200%2C670&ssl=1&resize=525%2C300 1.5x, https:\/\/i0.wp.com\/snaprace.app\/blog\/wp-content\/uploads\/2026\/02\/3425403.jpg?fit=1200%2C670&ssl=1&resize=700%2C400 2x, https:\/\/i0.wp.com\/snaprace.app\/blog\/wp-content\/uploads\/2026\/02\/3425403.jpg?fit=1200%2C670&ssl=1&resize=1050%2C600 3x"},"classes":[]},{"id":3146,"url":"https:\/\/snaprace.app\/blog\/madrid-en-marcha-contra-el-cancer-2026\/","url_meta":{"origin":2586,"position":4},"title":"Madrid en Marcha Contra el C\u00e1ncer 2026: todo sobre la carrera solidaria que ti\u00f1e de verde el Paseo de la Castellana","author":"Ra\u00fal Vidal Mui\u00f1os","date":"14 de abril de 2026","format":false,"excerpt":"El domingo 19 de abril de 2026, el Paseo de la Castellana se convertir\u00e1 en un r\u00edo de camisetas verdes con la decimotercera edici\u00f3n de Madrid en Marcha Contra el C\u00e1ncer. Organizada por la Asociaci\u00f3n Espa\u00f1ola Contra el C\u00e1ncer (AECC), bajo el lema \u00abDemos un paso m\u00e1s\u00bb, esta carrera solidaria\u2026","rel":"","context":"En \u00abCarreras solidarias\u00bb","block_context":{"text":"Carreras solidarias","link":"https:\/\/snaprace.app\/blog\/category\/carreras-solidarias\/"},"img":{"alt_text":"Madrid en Marcha Contra el C\u00e1ncer 2026: todo sobre la carrera solidaria que ti\u00f1e de verde el Paseo de la Castellana","src":"https:\/\/i0.wp.com\/snaprace.app\/blog\/wp-content\/uploads\/2026\/04\/4159396.jpg?fit=1200%2C670&ssl=1&resize=350%2C200","width":350,"height":200,"srcset":"https:\/\/i0.wp.com\/snaprace.app\/blog\/wp-content\/uploads\/2026\/04\/4159396.jpg?fit=1200%2C670&ssl=1&resize=350%2C200 1x, https:\/\/i0.wp.com\/snaprace.app\/blog\/wp-content\/uploads\/2026\/04\/4159396.jpg?fit=1200%2C670&ssl=1&resize=525%2C300 1.5x, https:\/\/i0.wp.com\/snaprace.app\/blog\/wp-content\/uploads\/2026\/04\/4159396.jpg?fit=1200%2C670&ssl=1&resize=700%2C400 2x, https:\/\/i0.wp.com\/snaprace.app\/blog\/wp-content\/uploads\/2026\/04\/4159396.jpg?fit=1200%2C670&ssl=1&resize=1050%2C600 3x"},"classes":[]},{"id":1620,"url":"https:\/\/snaprace.app\/blog\/circuito-provincial-de-carreras-populares-de-albacete-2026-25-o-aniversario-calendario-y-actividades\/","url_meta":{"origin":2586,"position":5},"title":"Circuito Provincial de Carreras Populares de Albacete 2026: 25.\u00ba aniversario, calendario y actividades","author":"Ra\u00fal Vidal Mui\u00f1os","date":"28 de enero de 2026","format":false,"excerpt":"Descubre c\u00f3mo el Circuito Provincial de Carreras Populares de Albacete 2026 celebra su 25\u00b0 aniversario con 45 pruebas, m\u00e1s de 50 actividades y r\u00e9cord de participaci\u00f3n.","rel":"","context":"En \u00abCarreras populares\u00bb","block_context":{"text":"Carreras populares","link":"https:\/\/snaprace.app\/blog\/category\/carreras-populares\/"},"img":{"alt_text":"","src":"https:\/\/i0.wp.com\/snaprace.app\/blog\/wp-content\/uploads\/2026\/01\/2576192.jpg?fit=1200%2C670&ssl=1&resize=350%2C200","width":350,"height":200,"srcset":"https:\/\/i0.wp.com\/snaprace.app\/blog\/wp-content\/uploads\/2026\/01\/2576192.jpg?fit=1200%2C670&ssl=1&resize=350%2C200 1x, https:\/\/i0.wp.com\/snaprace.app\/blog\/wp-content\/uploads\/2026\/01\/2576192.jpg?fit=1200%2C670&ssl=1&resize=525%2C300 1.5x, https:\/\/i0.wp.com\/snaprace.app\/blog\/wp-content\/uploads\/2026\/01\/2576192.jpg?fit=1200%2C670&ssl=1&resize=700%2C400 2x, https:\/\/i0.wp.com\/snaprace.app\/blog\/wp-content\/uploads\/2026\/01\/2576192.jpg?fit=1200%2C670&ssl=1&resize=1050%2C600 3x"},"classes":[]}],"_links":{"self":[{"href":"https:\/\/snaprace.app\/blog\/wp-json\/wp\/v2\/posts\/2586","targetHints":{"allow":["GET"]}}],"collection":[{"href":"https:\/\/snaprace.app\/blog\/wp-json\/wp\/v2\/posts"}],"about":[{"href":"https:\/\/snaprace.app\/blog\/wp-json\/wp\/v2\/types\/post"}],"author":[{"embeddable":true,"href":"https:\/\/snaprace.app\/blog\/wp-json\/wp\/v2\/users\/1"}],"replies":[{"embeddable":true,"href":"https:\/\/snaprace.app\/blog\/wp-json\/wp\/v2\/comments?post=2586"}],"version-history":[{"count":2,"href":"https:\/\/snaprace.app\/blog\/wp-json\/wp\/v2\/posts\/2586\/revisions"}],"predecessor-version":[{"id":2596,"href":"https:\/\/snaprace.app\/blog\/wp-json\/wp\/v2\/posts\/2586\/revisions\/2596"}],"wp:featuredmedia":[{"embeddable":true,"href":"https:\/\/snaprace.app\/blog\/wp-json\/wp\/v2\/media\/2598"}],"wp:attachment":[{"href":"https:\/\/snaprace.app\/blog\/wp-json\/wp\/v2\/media?parent=2586"}],"wp:term":[{"taxonomy":"category","embeddable":true,"href":"https:\/\/snaprace.app\/blog\/wp-json\/wp\/v2\/categories?post=2586"},{"taxonomy":"post_tag","embeddable":true,"href":"https:\/\/snaprace.app\/blog\/wp-json\/wp\/v2\/tags?post=2586"}],"curies":[{"name":"wp","href":"https:\/\/api.w.org\/{rel}","templated":true}]}}